{"id":7246,"date":"2025-02-10T12:55:40","date_gmt":"2025-02-10T11:55:40","guid":{"rendered":"https:\/\/staging.planetsolar.org\/?p=7246"},"modified":"2025-04-12T11:07:15","modified_gmt":"2025-04-12T09:07:15","slug":"le-president-de-planetsolar-sur-arte","status":"publish","type":"post","link":"https:\/\/www.planetsolar.org\/en\/2025\/02\/10\/le-president-de-planetsolar-sur-arte\/","title":{"rendered":"Le pr\u00e9sident de PlanetSolar sur Arte"},"content":{"rendered":"<p>Le magazine 28 Minutes d\u2019ARTE de jeudi 6 f\u00e9vrier s\u2019est pench\u00e9 sur l\u2019aviation de demain. Rapha\u00eb Domjan, pr\u00e9sident de la Fondation PlanetSolar, a particip\u00e9 au d\u00e9bat et pr\u00e9sent\u00e9 la mission SolarStratos. La discussion \u00e9tait anim\u00e9e par \u00c9lisabeth Quin, avec les autres invit\u00e9s \u00a0<a href=\"https:\/\/www.linkedin.com\/in\/laurent-castaign%C3%A8de-33b50727b\/\">Laurent Castaign\u00e8de<\/a>, ing\u00e9nieur, <a href=\"https:\/\/www.linkedin.com\/in\/caroline-bruneau-9396081b\/\">Caroline Bruneau<\/a>, journaliste a\u00e9ronautique.<\/p>\n<p>Quelles perspectives pour l\u2019aviation \u00e9lectrique, solaire, \u00e0 hydrog\u00e8ne\u00a0? L\u2019avion 100% \u00e9colo est-il pour demain ?\u00a0Le moteur \u00e9lectrique, ca peut marcher?\u00a0Solaire, hydrog\u00e8ne, dirigeable: o\u00f9 en est on ? Moins prendre l\u2019avion : n\u00e9cessaire ou illusoire ? L\u2019\u00e9change de vues \u2013 et les images des avions de demain, dont HB-SXA de SolarStratros &#8211; a \u00e9t\u00e9 assez\u2026 show.<\/p>\n<p>\u00ab\u00a0J\u2019esp\u00e8re avoir r\u00e9ussi \u00e0 transmettre un message essentiel : nous devons aborder les d\u00e9fis qui nous attendent avec optimisme ! Si nous ne parvenons pas \u00e0 donner des perspectives aux jeunes, nous risquons d\u2019entra\u00eener notre civilisation dans le d\u00e9sespoir&#8230; Les cons\u00e9quences seraient l\u2019immobilisme et le statu quo. Ce ne sont pas les avions qui doivent devenir verts, mais notre monde et notre ciel !\u00a0\u00bb, a comment\u00e9 Rapha\u00ebl Domjan au sortir de l\u2019\u00e9mission.<\/p>\n<p>Les \u00e9quipes de PlanetSolar et de SolarStratos se r\u00e9jouissent de la reconnaissance que repr\u00e9sente cette invitation \u00e0 leur pilote et fondateur, pour tous nos partenaires \u00e9galement. Et pour l\u2019\u00e9nergie solaire\u00a0!<\/p>\n<p>Manqu\u00e9 ce \u00ab\u00a028 Minutes&#8221;: le voici ici.<\/p>\n<p><iframe loading=\"lazy\" title=\"ARTE - 28 minutes - 6 f\u00e9vrier 2025 - Interview Rapha\u00ebl Domjan - Avions \u00e9lectriques\" src=\"https:\/\/player.vimeo.com\/video\/1054477772?dnt=1&amp;app_id=122963\" width=\"1140\" height=\"641\" frameborder=\"0\" allow=\"autoplay; fullscreen; picture-in-picture; clipboard-write; encrypted-media\"><\/iframe><\/p>\n<p>&amp;nbsp;<\/p>\n<p>&amp;nbsp;<\/p>\n","protected":false},"excerpt":{"rendered":"<p>Le magazine 28 Minutes d\u2019ARTE de jeudi 6 f\u00e9vrier s\u2019est pench\u00e9 sur l\u2019aviation de demain. Rapha\u00eb Domjan, pr\u00e9sident de la Fondation PlanetSolar, a particip\u00e9 au d\u00e9bat et pr\u00e9sent\u00e9 la mission SolarStratos. La discussion \u00e9tait anim\u00e9e par \u00c9lisabeth Quin, avec les autres invit\u00e9s \u00a0Laurent Castaign\u00e8de, ing\u00e9nieur, Caroline Bruneau, journaliste a\u00e9ronautique. Quelles perspectives pour l\u2019aviation \u00e9lectrique, solaire, [&hellip;]<\/p>\n","protected":false},"author":1,"featured_media":7248,"comment_status":"closed","ping_status":"closed","sticky":false,"template":"","format":"standard","meta":{"_acf_changed":false,"footnotes":""},"categories":[8],"tags":[],"class_list":["post-7246","post","type-post","status-publish","format-standard","has-post-thumbnail","hentry","category-news"],"acf":[],"_links":{"self":[{"href":"https:\/\/www.planetsolar.org\/en\/wp-json\/wp\/v2\/posts\/7246","targetHints":{"allow":["GET"]}}],"collection":[{"href":"https:\/\/www.planetsolar.org\/en\/wp-json\/wp\/v2\/posts"}],"about":[{"href":"https:\/\/www.planetsolar.org\/en\/wp-json\/wp\/v2\/types\/post"}],"author":[{"embeddable":true,"href":"https:\/\/www.planetsolar.org\/en\/wp-json\/wp\/v2\/users\/1"}],"replies":[{"embeddable":true,"href":"https:\/\/www.planetsolar.org\/en\/wp-json\/wp\/v2\/comments?post=7246"}],"version-history":[{"count":2,"href":"https:\/\/www.planetsolar.org\/en\/wp-json\/wp\/v2\/posts\/7246\/revisions"}],"predecessor-version":[{"id":7250,"href":"https:\/\/www.planetsolar.org\/en\/wp-json\/wp\/v2\/posts\/7246\/revisions\/7250"}],"wp:featuredmedia":[{"embeddable":true,"href":"https:\/\/www.planetsolar.org\/en\/wp-json\/wp\/v2\/media\/7248"}],"wp:attachment":[{"href":"https:\/\/www.planetsolar.org\/en\/wp-json\/wp\/v2\/media?parent=7246"}],"wp:term":[{"taxonomy":"category","embeddable":true,"href":"https:\/\/www.planetsolar.org\/en\/wp-json\/wp\/v2\/categories?post=7246"},{"taxonomy":"post_tag","embeddable":true,"href":"https:\/\/www.planetsolar.org\/en\/wp-json\/wp\/v2\/tags?post=7246"}],"curies":[{"name":"wp","href":"https:\/\/api.w.org\/{rel}","templated":true}]}}