{"id":6336,"date":"2021-11-07T21:43:12","date_gmt":"2021-11-07T20:43:12","guid":{"rendered":"https:\/\/www.planetsolar.swiss\/?p=6336"},"modified":"2023-12-15T07:25:41","modified_gmt":"2023-12-15T06:25:41","slug":"premier-vol-en-avion-electrique-dun-chef-detat","status":"publish","type":"post","link":"https:\/\/www.planetsolar.org\/en\/2021\/11\/07\/premier-vol-en-avion-electrique-dun-chef-detat\/","title":{"rendered":"Premier vol en avion \u00e9lectrique d\u2019un chef d\u2019Etat"},"content":{"rendered":"<p>110 ans apr\u00e8s le premier vol en avion d\u2019un Chef d\u2019\u00c9tat, Ferdinand I Tsar de Bulgarie, qui a vol\u00e9 le 15 juillet 1910 en Belgique, j\u2019ai eu l\u2019immense privil\u00e8ge de voler ce matin avec SAS le Prince Albert II de Monaco en avion \u00e9lectrique et de survoler la Principaut\u00e9 de Monaco au d\u00e9part de Nice, sans bruit ni \u00e9mission de CO2.Bien que symbolique, nous avons franchi aujourd\u2019hui une \u00e9tape importante dans l\u2019\u00e9lectrification de la mobilit\u00e9 a\u00e9rienne. Merci \u00e0 SAS le Prince Albert II de Monaco et toutes ses \u00e9quipes pour leur confiance.<\/p>\n<p>Merci aux autorit\u00e9s de l\u2019A\u00e9roport de Nice, la DGAC fran\u00e7aise et mon\u00e9gasque, les \u00e9quipes de l\u2019Elektropostale et son fondateur, Herv\u00e9 Berardi, ainsi que toutes les personnes qui nous ont aid\u00e9s \u00e0 r\u00e9aliser ce vol historique.<\/p>\n<p><iframe loading=\"lazy\" title=\"19H Monaco Info du 14 septembre 2021 - Vol en avion \u00e9lectrique de S.A.S. le Prince Albert II de Monaco\" src=\"https:\/\/player.vimeo.com\/video\/605533643?dnt=1&amp;app_id=122963\" width=\"1140\" height=\"641\" frameborder=\"0\" allow=\"autoplay; fullscreen; picture-in-picture; clipboard-write\"><\/iframe><\/p>\n<div id='gallery-1' class='gallery galleryid-6336 gallery-columns-4 gallery-size-thumbnail'><figure class='gallery-item'>\n\t\t\t<div class='gallery-icon landscape'>\n\t\t\t\t<a href='https:\/\/www.planetsolar.org\/wp-content\/uploads\/2021\/11\/VOLSAS_ALBERTII_14092021_MONACO_15.jpg' title=\"VOLSAS_ALBERTII_14092021_MONACO_15\" data-rl_title=\"VOLSAS_ALBERTII_14092021_MONACO_15\" class=\"rl-gallery-link\" data-rl_caption=\"\" data-rel=\"lightbox-gallery-1\"><img loading=\"lazy\" decoding=\"async\" width=\"150\" height=\"150\" src=\"https:\/\/www.planetsolar.org\/wp-content\/uploads\/2021\/11\/VOLSAS_ALBERTII_14092021_MONACO_15-150x150.jpg\" class=\"attachment-thumbnail size-thumbnail\" alt=\"\" srcset=\"https:\/\/www.planetsolar.org\/wp-content\/uploads\/2021\/11\/VOLSAS_ALBERTII_14092021_MONACO_15-150x150.jpg 150w, https:\/\/www.planetsolar.org\/wp-content\/uploads\/2021\/11\/VOLSAS_ALBERTII_14092021_MONACO_15-125x125.jpg 125w\" sizes=\"auto, (max-width: 150px) 100vw, 150px\" \/><\/a>\n\t\t\t<\/div><\/figure><figure class='gallery-item'>\n\t\t\t<div class='gallery-icon landscape'>\n\t\t\t\t<a href='https:\/\/www.planetsolar.org\/wp-content\/uploads\/2021\/11\/VOLSAS_ALBERTII_14092021_MONACO_03.jpg' title=\"VOLSAS_ALBERTII_14092021_MONACO_03\" data-rl_title=\"VOLSAS_ALBERTII_14092021_MONACO_03\" class=\"rl-gallery-link\" data-rl_caption=\"\" data-rel=\"lightbox-gallery-1\"><img loading=\"lazy\" decoding=\"async\" width=\"150\" height=\"150\" src=\"https:\/\/www.planetsolar.org\/wp-content\/uploads\/2021\/11\/VOLSAS_ALBERTII_14092021_MONACO_03-150x150.jpg\" class=\"attachment-thumbnail size-thumbnail\" alt=\"\" srcset=\"https:\/\/www.planetsolar.org\/wp-content\/uploads\/2021\/11\/VOLSAS_ALBERTII_14092021_MONACO_03-150x150.jpg 150w, https:\/\/www.planetsolar.org\/wp-content\/uploads\/2021\/11\/VOLSAS_ALBERTII_14092021_MONACO_03-125x125.jpg 125w\" sizes=\"auto, (max-width: 150px) 100vw, 150px\" \/><\/a>\n\t\t\t<\/div><\/figure><figure class='gallery-item'>\n\t\t\t<div class='gallery-icon landscape'>\n\t\t\t\t<a href='https:\/\/www.planetsolar.org\/wp-content\/uploads\/2021\/11\/VOLSAS_ALBERTII_14092021_MONACO_08.jpg' title=\"VOLSAS_ALBERTII_14092021_MONACO_08\" data-rl_title=\"VOLSAS_ALBERTII_14092021_MONACO_08\" class=\"rl-gallery-link\" data-rl_caption=\"\" data-rel=\"lightbox-gallery-1\"><img loading=\"lazy\" decoding=\"async\" width=\"150\" height=\"150\" src=\"https:\/\/www.planetsolar.org\/wp-content\/uploads\/2021\/11\/VOLSAS_ALBERTII_14092021_MONACO_08-150x150.jpg\" class=\"attachment-thumbnail size-thumbnail\" alt=\"\" srcset=\"https:\/\/www.planetsolar.org\/wp-content\/uploads\/2021\/11\/VOLSAS_ALBERTII_14092021_MONACO_08-150x150.jpg 150w, https:\/\/www.planetsolar.org\/wp-content\/uploads\/2021\/11\/VOLSAS_ALBERTII_14092021_MONACO_08-125x125.jpg 125w\" sizes=\"auto, (max-width: 150px) 100vw, 150px\" \/><\/a>\n\t\t\t<\/div><\/figure><figure class='gallery-item'>\n\t\t\t<div class='gallery-icon landscape'>\n\t\t\t\t<a href='https:\/\/www.planetsolar.org\/wp-content\/uploads\/2021\/11\/VOLSAS_ALBERTII_14092021_MONACO_14.jpg' title=\"VOLSAS_ALBERTII_14092021_MONACO_14\" data-rl_title=\"VOLSAS_ALBERTII_14092021_MONACO_14\" class=\"rl-gallery-link\" data-rl_caption=\"\" data-rel=\"lightbox-gallery-1\"><img loading=\"lazy\" decoding=\"async\" width=\"150\" height=\"150\" src=\"https:\/\/www.planetsolar.org\/wp-content\/uploads\/2021\/11\/VOLSAS_ALBERTII_14092021_MONACO_14-150x150.jpg\" class=\"attachment-thumbnail size-thumbnail\" alt=\"\" srcset=\"https:\/\/www.planetsolar.org\/wp-content\/uploads\/2021\/11\/VOLSAS_ALBERTII_14092021_MONACO_14-150x150.jpg 150w, https:\/\/www.planetsolar.org\/wp-content\/uploads\/2021\/11\/VOLSAS_ALBERTII_14092021_MONACO_14-125x125.jpg 125w\" sizes=\"auto, (max-width: 150px) 100vw, 150px\" \/><\/a>\n\t\t\t<\/div><\/figure><figure class='gallery-item'>\n\t\t\t<div class='gallery-icon portrait'>\n\t\t\t\t<a href='https:\/\/www.planetsolar.org\/wp-content\/uploads\/2021\/11\/VOLSAS_ALBERTII_14092021_MONACO_04.jpg' title=\"VOLSAS_ALBERTII_14092021_MONACO_04\" data-rl_title=\"VOLSAS_ALBERTII_14092021_MONACO_04\" class=\"rl-gallery-link\" data-rl_caption=\"\" data-rel=\"lightbox-gallery-1\"><img loading=\"lazy\" decoding=\"async\" width=\"150\" height=\"150\" src=\"https:\/\/www.planetsolar.org\/wp-content\/uploads\/2021\/11\/VOLSAS_ALBERTII_14092021_MONACO_04-150x150.jpg\" class=\"attachment-thumbnail size-thumbnail\" alt=\"\" srcset=\"https:\/\/www.planetsolar.org\/wp-content\/uploads\/2021\/11\/VOLSAS_ALBERTII_14092021_MONACO_04-150x150.jpg 150w, https:\/\/www.planetsolar.org\/wp-content\/uploads\/2021\/11\/VOLSAS_ALBERTII_14092021_MONACO_04-125x125.jpg 125w\" sizes=\"auto, (max-width: 150px) 100vw, 150px\" \/><\/a>\n\t\t\t<\/div><\/figure>\n\t\t<\/div>\n\n","protected":false},"excerpt":{"rendered":"<p>110 ans apr\u00e8s le premier vol en avion d\u2019un Chef d\u2019\u00c9tat, Ferdinand I Tsar de Bulgarie, qui a vol\u00e9 le 15 juillet 1910 en Belgique, j\u2019ai eu l\u2019immense privil\u00e8ge de voler ce matin avec SAS le Prince Albert II de Monaco en avion \u00e9lectrique et de survoler la Principaut\u00e9 de Monaco au d\u00e9part de Nice, [&hellip;]<\/p>\n","protected":false},"author":1,"featured_media":0,"comment_status":"closed","ping_status":"closed","sticky":false,"template":"","format":"standard","meta":{"_acf_changed":false,"footnotes":""},"categories":[8],"tags":[],"class_list":["post-6336","post","type-post","status-publish","format-standard","hentry","category-news"],"acf":[],"_links":{"self":[{"href":"https:\/\/www.planetsolar.org\/en\/wp-json\/wp\/v2\/posts\/6336","targetHints":{"allow":["GET"]}}],"collection":[{"href":"https:\/\/www.planetsolar.org\/en\/wp-json\/wp\/v2\/posts"}],"about":[{"href":"https:\/\/www.planetsolar.org\/en\/wp-json\/wp\/v2\/types\/post"}],"author":[{"embeddable":true,"href":"https:\/\/www.planetsolar.org\/en\/wp-json\/wp\/v2\/users\/1"}],"replies":[{"embeddable":true,"href":"https:\/\/www.planetsolar.org\/en\/wp-json\/wp\/v2\/comments?post=6336"}],"version-history":[{"count":1,"href":"https:\/\/www.planetsolar.org\/en\/wp-json\/wp\/v2\/posts\/6336\/revisions"}],"predecessor-version":[{"id":6355,"href":"https:\/\/www.planetsolar.org\/en\/wp-json\/wp\/v2\/posts\/6336\/revisions\/6355"}],"wp:attachment":[{"href":"https:\/\/www.planetsolar.org\/en\/wp-json\/wp\/v2\/media?parent=6336"}],"wp:term":[{"taxonomy":"category","embeddable":true,"href":"https:\/\/www.planetsolar.org\/en\/wp-json\/wp\/v2\/categories?post=6336"},{"taxonomy":"post_tag","embeddable":true,"href":"https:\/\/www.planetsolar.org\/en\/wp-json\/wp\/v2\/tags?post=6336"}],"curies":[{"name":"wp","href":"https:\/\/api.w.org\/{rel}","templated":true}]}}