{"id":4992,"date":"2018-10-15T14:19:26","date_gmt":"2018-10-15T12:19:26","guid":{"rendered":"https:\/\/www.planetsolar.swiss\/?p=4992"},"modified":"2025-10-27T10:39:22","modified_gmt":"2025-10-27T09:39:22","slug":"d-7-pioneers-and-adventurers-of-solar-energy-an-exhibition-and-a-book-about-the-past-of-solar-adventures","status":"publish","type":"post","link":"https:\/\/www.planetsolar.org\/en\/2018\/10\/15\/d-7-pioneers-and-adventurers-of-solar-energy-an-exhibition-and-a-book-about-the-past-of-solar-adventures\/","title":{"rendered":"D-7: &#8220;Pioneers and Adventurers of Solar Energy&#8221;: an exhibition and a book about the past of solar adventures!"},"content":{"rendered":"<p><span id=\"result_box\" class=\"\" lang=\"en\"><span title=\"Lundi 22 octobre 2018, la Fondation PlanetSolar inaugurera \u00e0 Montreux sa grande exposition itin\u00e9rante \u00ab Pionniers et aventuriers de l\u2019\u00e9nergie solaire \u00bb, en pr\u00e9sence du Prince Albert II de Monaco.\">On Monday, October 22, 2018, PlanetSolar Foundation will inaugurate in Montreux its traveling exhibition &#8220;Pioneers and Adventurers of Solar Energy&#8221;, with the presence of Prince Albert II of Monaco. <\/span><span title=\"Un ouvrage, \u00e9dit\u00e9 aux Editions Favre et co\u00e9crit par Rapha\u00eblle Javet et Rapha\u00ebl Domjan, directrice et pr\u00e9sident de la Fondation PlanetSolar, sera \u00e9galement pr\u00e9sent\u00e9 pour la premi\u00e8re fois.\">A book, edited by Editions Favre and co-written by Rapha\u00eblle Javet and Rapha\u00ebl Domjan, director and president of the PlanetSolar Foundation, will also be presented for the first time. <\/span><span title=\"Un d\u00eener de gala, avec plus de 300 convives, suivra ce vernissage dans le cadre prestigieux du Fairmont le Montreux Palace. \">A gala dinner, with more than 300 guests, will follow this opening in the prestigious Fairmont le Montreux Palace.<\/span><\/span><\/p>\n<p><span title=\"La Fondation m\u00e8ne depuis 3 ans un travail de recherche et de mise en valeur des aventures r\u00e9alis\u00e9es \u00e0 l\u2019\u00e9nergie solaires.\">Since 3 years, the Foundation has been carrying out research and development work on solar energy adventures. <\/span><span title=\"Depuis les ann\u00e9es 1960, l\u2019\u00e9nergie solaire a permis aux hommes d\u2019envisager un futur durable et respectueux de l\u2019environnement.\">Since the 1960s, solar energy has enabled men to envision a sustainable future that respects the environment. <\/span><span title=\"Pour continuer \u00e0 r\u00eaver et \u00e0 explorer le monde, certains pionniers se sont \u00e9cart\u00e9s des \u00e9nergies fossiles pour trouver une autre source de mobilit\u00e9.\">To continue to dream and to explore the world, some pioneers have moved away from fossil fuels to find another source of mobility. <\/span><span title=\"Ing\u00e9nieux bricoleurs et chercheurs brillants, souvent entour\u00e9s d\u2019\u00e9quipes enthousiastes, ils ont permis de d\u00e9montrer le potentiel inou\u00ef de l\u2019\u00e9nergie solaire gr\u00e2ce \u00e0 leurs incroyables machines mues par le soleil.\">They have demonstrated the incredible potential of solar energy through their original machines powered by the sun. <\/span><span title=\"Sur terre, sur l\u2019eau ou dans les airs, l\u2019\u00e9nergie photovolta\u00efque s\u2019est ainsi d\u00e9clin\u00e9e \u00e0 travers des projets visionnaires. \">On land, on the water or in the air, photovoltaic energy has been developed through visionary projects.<\/span><\/p>\n<p><span title=\"De la premi\u00e8re voiture solaire aux voitures actuelles, de Solar Craft I, premier bateau solaire de l'histoire, \u00e0 PlanetSolar, gigantesque catamaran solaire ayant r\u00e9alis\u00e9 le premier tour du monde \u00e0 l'\u00e9nergie solaire, du premier envol de Solar One en 1978 au\">From the first solar car to the current solar cars, from Solar Craft I, the first solar boat in history, to PlanetSolar, the great solar catamaran that made the first solar-powered world tour, from the first flight of Solar One in 1978 to <\/span><span title=\"tour du monde a\u00e9rien de Solar Impulse, le projet \u00ab Pionniers et aventuriers de l'\u00e9nergie solaire \u00bb permet de se plonger \u2013 gr\u00e2ce \u00e0 une exposition et \u00e0 un livre \u2013 dans les \u00e9pisodes les plus marquants de l'histoire des aventures solaires. \">Solar Impulse&#8217;s aerial world tour, the project &#8220;Pioneers and Adventurers of Solar Energy&#8221; allows you to immerse yourself &#8211; thanks to an exhibition and a book &#8211; in the most memorable episodes in the history of solar adventures.<\/span><\/p>\n<p><strong><span title=\"D\u00eener de gala de la Fondation PlanetSolar : \u00a0\u00a0\u00a0\u00a0\">PlanetSolar Foundation Gala Dinner:<\/span><\/strong><\/p>\n<ul>\n<li><span title=\"lundi 22 octobre 2018, d\u00e8s 18h30, au Fairmont le Montreux Palace, Montreux.\">Monday, October 22, 2018, from 18:30, at the Fairmont le Montreux Palace, Montreux. <\/span><strong><span title=\"EVENEMENT COMPLET. \">EVENT SOLD OUT.<br \/>\n<\/span><\/strong><\/li>\n<\/ul>\n<p><strong><span title=\"Premier lieu d\u2019itin\u00e9rance de l\u2019exposition : \u00a0\u00a0\u00a0\u00a0\">Where to see the exhibition:<\/span><\/strong><\/p>\n<ul>\n<li><span title=\"du mardi 30 octobre 2018 au samedi 17 novembre 2018, \u00e0 Marin Centre (NE), selon les heures d\u2019ouverture du centre Migros.\">from Tuesday, October 30, 2018 to Saturday, November 17, 2018, in Marin Center (NE), opening hours of the Migros center.<\/span><\/li>\n<\/ul>\n<p>&nbsp;<\/p>\n<p><img loading=\"lazy\" decoding=\"async\" class=\"wp-image-4983 aligncenter\" src=\"https:\/\/www.planetsolar.swiss\/wp-content\/uploads\/2018\/10\/Couv-PIONNIERS-AVENTURIERS-ENERGIE-SOLAIRE-Javet-Domjan-2018-OK-DEF-1re-HD-print-compressed-page-001-1024x944.jpg\" alt=\"\" width=\"569\" height=\"525\" srcset=\"https:\/\/www.planetsolar.org\/wp-content\/uploads\/2018\/10\/Couv-PIONNIERS-AVENTURIERS-ENERGIE-SOLAIRE-Javet-Domjan-2018-OK-DEF-1re-HD-print-compressed-page-001-1024x944.jpg 1024w, https:\/\/www.planetsolar.org\/wp-content\/uploads\/2018\/10\/Couv-PIONNIERS-AVENTURIERS-ENERGIE-SOLAIRE-Javet-Domjan-2018-OK-DEF-1re-HD-print-compressed-page-001-300x277.jpg 300w, https:\/\/www.planetsolar.org\/wp-content\/uploads\/2018\/10\/Couv-PIONNIERS-AVENTURIERS-ENERGIE-SOLAIRE-Javet-Domjan-2018-OK-DEF-1re-HD-print-compressed-page-001-768x708.jpg 768w, https:\/\/www.planetsolar.org\/wp-content\/uploads\/2018\/10\/Couv-PIONNIERS-AVENTURIERS-ENERGIE-SOLAIRE-Javet-Domjan-2018-OK-DEF-1re-HD-print-compressed-page-001.jpg 1356w\" sizes=\"auto, (max-width: 569px) 100vw, 569px\" \/><\/p>\n","protected":false},"excerpt":{"rendered":"<p>On Monday, October 22, 2018, PlanetSolar Foundation will inaugurate in Montreux its traveling exhibition &#8220;Pioneers and Adventurers of Solar Energy&#8221;, with the presence of Prince Albert II of Monaco. A book, edited by Editions Favre and co-written by Rapha\u00eblle Javet and Rapha\u00ebl Domjan, director and president of the PlanetSolar Foundation, will also be presented for [&hellip;]<\/p>\n","protected":false},"author":3,"featured_media":4983,"comment_status":"closed","ping_status":"closed","sticky":false,"template":"","format":"standard","meta":{"_acf_changed":false,"footnotes":""},"categories":[13,14],"tags":[],"class_list":["post-4992","post","type-post","status-publish","format-standard","has-post-thumbnail","hentry","category-news-en","category-foundation"],"acf":[],"_links":{"self":[{"href":"https:\/\/www.planetsolar.org\/en\/wp-json\/wp\/v2\/posts\/4992","targetHints":{"allow":["GET"]}}],"collection":[{"href":"https:\/\/www.planetsolar.org\/en\/wp-json\/wp\/v2\/posts"}],"about":[{"href":"https:\/\/www.planetsolar.org\/en\/wp-json\/wp\/v2\/types\/post"}],"author":[{"embeddable":true,"href":"https:\/\/www.planetsolar.org\/en\/wp-json\/wp\/v2\/users\/3"}],"replies":[{"embeddable":true,"href":"https:\/\/www.planetsolar.org\/en\/wp-json\/wp\/v2\/comments?post=4992"}],"version-history":[{"count":3,"href":"https:\/\/www.planetsolar.org\/en\/wp-json\/wp\/v2\/posts\/4992\/revisions"}],"predecessor-version":[{"id":4995,"href":"https:\/\/www.planetsolar.org\/en\/wp-json\/wp\/v2\/posts\/4992\/revisions\/4995"}],"wp:featuredmedia":[{"embeddable":true,"href":"https:\/\/www.planetsolar.org\/en\/wp-json\/wp\/v2\/media\/4983"}],"wp:attachment":[{"href":"https:\/\/www.planetsolar.org\/en\/wp-json\/wp\/v2\/media?parent=4992"}],"wp:term":[{"taxonomy":"category","embeddable":true,"href":"https:\/\/www.planetsolar.org\/en\/wp-json\/wp\/v2\/categories?post=4992"},{"taxonomy":"post_tag","embeddable":true,"href":"https:\/\/www.planetsolar.org\/en\/wp-json\/wp\/v2\/tags?post=4992"}],"curies":[{"name":"wp","href":"https:\/\/api.w.org\/{rel}","templated":true}]}}