{"id":5026,"date":"2018-10-28T16:34:28","date_gmt":"2018-10-28T15:34:28","guid":{"rendered":"https:\/\/www.planetsolar.swiss\/?p=5026"},"modified":"2023-12-15T07:25:44","modified_gmt":"2023-12-15T06:25:44","slug":"une-exposition-un-livre-et-de-merveilleuses-rencontres","status":"publish","type":"post","link":"https:\/\/www.planetsolar.org\/de\/2018\/10\/28\/une-exposition-un-livre-et-de-merveilleuses-rencontres\/","title":{"rendered":"Une exposition, un livre et de merveilleuses rencontres"},"content":{"rendered":"<p>Lundi 22 octobre 2018 fut une journ\u00e9e m\u00e9morable pour la Fondation PlanetSolar. En pr\u00e9sence du Prince Albert II de Monaco, la Fondation a r\u00e9uni les pionniers et les aventuriers de l\u2019\u00e9nergie solaire venus du monde entier\u00a0: des femmes et des hommes ayant marqu\u00e9 l\u2019histoire de l\u2019\u00e9nergie solaire par leur parcours. Les grands noms de l\u2019exploration solaire \u00e9taient aux c\u00f4t\u00e9s de l\u2019\u00e9quipe, des partenaires et des invit\u00e9s de la Fondation PlanetSolar pour une soir\u00e9e historique au cours de laquelle l\u2019exposition \u00ab\u00a0Pionniers et aventuriers de l\u2019\u00e9nergie solaire\u00a0\u00bb, ainsi que le livre du m\u00eame nom (Editions Favre) ont \u00e9t\u00e9 pr\u00e9sent\u00e9s pour la premi\u00e8re fois.<\/p>\n<p><em>Pionniers et aventuriers de l\u2019\u00e9nergie solaire, ils \u00e9taient avec nous\u00a0:<\/em><\/p>\n<p><strong>Fred To <\/strong><\/p>\n<h6>Fred To est anglais et est l&#8217;inventeur du premier avion solaire (1978). Il a men\u00e9 le projet dans une v\u00e9ritable \u00ab\u00a0course\u00a0au premier vol solaire\u00a0\u00bb, avec son acolyte David Williams, malheureusement d\u00e9c\u00e9d\u00e9 il y a quelques ann\u00e9es. Il a donn\u00e9 la maquette originale de son avion, le Solar One, \u00e0 la Fondation PlanetSolar et cette maquette est d\u00e9sormais expos\u00e9e dans l&#8217;exposition.<\/h6>\n<p><strong>Marshall MacCready <\/strong><\/p>\n<h6>Marshall MacCready est le fils de Paul MacCready, l&#8217;inventeur d&#8217;avions solaires d\u00e8s les ann\u00e9es 1980 aux Etats-Unis. Marshall a \u00e9t\u00e9 en 1980 le premier pilote du Gossamer Penguin, premier prototype solaire de son p\u00e8re. Il n&#8217;avait alors que 13 ans et a \u00e9t\u00e9 choisi comme \u00ab\u00a0pilote\u00a0d&#8217;essai\u00a0\u00bb en raison de sa l\u00e9g\u00e8ret\u00e9\u00a0!<\/h6>\n<p><strong>Janice Brown-Sullivan<\/strong><\/p>\n<h6>Janice Brown-Sullivan fut la pilote principale du Gossamer Penguin (1980) et la premi\u00e8re pilote du second prototype de Paul MacCready, le Solar Challenger (1981). Elle parvient, aux commandes du Solar Challenger, \u00e0 l&#8217;altitude record de 4 000 m, une grande premi\u00e8re pour l&#8217;aviation solaire.<\/h6>\n<p><strong>Stephen Ptacek<\/strong><\/p>\n<h6>Stephen Ptacek fut le pilote du Solar Challenger pour la premi\u00e8re travers\u00e9e de la Manche en avion solaire (1981). Le Solar Challenger parcourt alors 262 km entre la France et l&#8217;Angleterre, apr\u00e8s un vol d&#8217;un peu plus de 5 h.<\/h6>\n<p><strong>Josef Jenni<\/strong><\/p>\n<h6>Josef Jenni est l&#8217;un des initiateurs du Tour de Sol (premi\u00e8re \u00e9dition en 1985), qui est la premi\u00e8re comp\u00e9tition de v\u00e9hicules solaires au monde et qui a eu lieu en Suisse. Il a construit de nombreuses voitures solaires qui participaient aux courses. Le Tour de Sol a eu lieu chaque ann\u00e9e jusque dans les ann\u00e9es 1990.<\/h6>\n<p><strong>Pierre Scholl<\/strong><\/p>\n<h6>Pierre Scholl est un constructeur et pilote de voitures solaires genevois. Avec son \u00e9quipe, il a particip\u00e9 \u00e0 de nombreuses courses de voitures et de bateaux solaires. Il a surtout men\u00e9 une v\u00e9ritable aventure dans le d\u00e9sert du Hoggar avec une voiture solaire. C&#8217;\u00e9tait en 1987<\/h6>\n<p><strong>Matthias Wegmann<\/strong><\/p>\n<h6>Matthias Wegmann est un navigateur solaire qui a vogu\u00e9 sur les fleuves d&#8217;Europe et en M\u00e9diterran\u00e9e d\u00e8s la fin des ann\u00e9es 1980. Il a parcouru des milliers de kilom\u00e8tres avec ses diff\u00e9rents bateaux solaires. Et il marque lui aussi une premi\u00e8re\u00a0: celle du premier naufrage d&#8217;un bateau solaire, puisque son Basilisk I sombre \u00e0 cause d&#8217;une temp\u00eate au large de Majorque!<\/h6>\n<p><strong>Martin Vosseler<\/strong>,<strong> Mark W\u00fcst <\/strong>et<strong> Beat von Scarpatetti<\/strong><\/p>\n<h6>Ils ont initi\u00e9 et particip\u00e9 \u00e0 l&#8217;aventure du Sun21, premi\u00e8re travers\u00e9e de l&#8217;Atlantique en bateau solaire (2006\/2007). <strong>Martin Vosseler<\/strong> est m\u00e9decin, et est l\u2019initiateur du projet Sun21. <strong>Mark W\u00fcst<\/strong> est un pionnier de la construction navale de bateau solaire dans les ann\u00e9es 1990. Son chantier naval MW-Line \u00e9tait bas\u00e9 \u00e0 Yvonand, dans le canton de Vaud. C&#8217;est lui qui a construit le Sun21, et il a navigu\u00e9 \u00e0 bord durant la transatlantique. <strong>Beat von Scarpatetti<\/strong>, cofondateur du projet, est historien et fondateur de divers projets \u00e9cologiques. Il a eu tr\u00e8s t\u00f4t l&#8217;id\u00e9e d&#8217;un trajet maritime transcontinental respectueux de l&#8217;environnement en alternative \u00e0 la voie a\u00e9rienne. Il a aussi \u00e9t\u00e9 membre de l\u2019\u00e9quipage du Sun21.<\/h6>\n<p><strong>Marcelo da Luz<\/strong><\/p>\n<h6>Marcelo da Luz est Canadien. Il a men\u00e9 un p\u00e9riple avec une voiture solaire au Canada et aux Etats-Unis et a franchi pour la premi\u00e8re fois le cercle arctique \u00e0 l&#8217;\u00e9nergie solaire (2008\/2010).<\/h6>\n<p><strong>Erwan le Rouzic, Jens Langwasser, Christian Ochsenbein <\/strong>et<strong> Rapha\u00ebl Domjan<\/strong><\/p>\n<h6>A bord de PlanetSolar pendant le premier tour du monde \u00e0 l\u2019\u00e9nergie solaire (2010\/2012), l\u2019\u00e9quipage de PlanetSolar \u00e9tait quasiment au complet lors de la soir\u00e9e (seul manquait Patrick Marchesseau, l\u2019un des deux capitaines).<\/h6>\n<p><strong>Naveen Rabelli<\/strong><\/p>\n<h6>Naveen Rabelli a accompli un voyage de l&#8217;Inde \u00e0 Londres en tuk-tuk solaire (2016). Cette aventure a \u00e9t\u00e9 largement m\u00e9diatis\u00e9e et le tuk-tuk solaire de Naveen se trouve d\u00e9sormais au Mus\u00e9e suisse des transports de Lucerne.<\/h6>\n<p><strong>Bertrand Piccard<\/strong> et <strong>Andr\u00e9 Borschberg<\/strong><\/p>\n<h6>Bertrand Piccard et Andr\u00e9 Borschberg sont les pilotes du premier tour du monde en avion solaire (2015\/2016). Ils d\u00e9tiennent de nombreux records et ont accompli, au cours de l&#8217;aventure Solar Impulse, les premi\u00e8res travers\u00e9es du Pacifique et de l\u2019Atlantique en avion solaire.<\/h6>\n<p><strong>Anne Qu\u00e9m\u00e9r\u00e9<\/strong><\/p>\n<h6>Anne Qu\u00e9m\u00e9r\u00e9 est une navigatrice bretonne avec laquelle Rapha\u00ebl Domjan a navigu\u00e9 dans le passage du Nord Ouest en 2015, en kayak solaire. Elle est retourn\u00e9e dans le Grand nord canadien durant l\u2019\u00e9t\u00e9 2018 pour tenter \u00e0 nouveau l&#8217;aventure, cette fois-ci avec une embarcation solaire un peu plus grande. Plus de 800 km ont \u00e9t\u00e9 parcourus au solaire dans les eaux les plus froides du Globe\u00a0!<\/h6>\n<div id='gallery-1' class='gallery galleryid-5026 gallery-columns-3 gallery-size-thumbnail'><figure class='gallery-item'>\n\t\t\t<div class='gallery-icon landscape'>\n\t\t\t\t<a href='https:\/\/www.planetsolar.org\/wp-content\/uploads\/2018\/10\/2018_10_22_Pionnier_solaire_revillard_54.jpg' title=\"Exposition &#8222;Pionniers et aventuriers de l&#8217;\u00e9nergie solaire&#8220; \u00a9 Jean Revillard \/ REZO.ch\" data-rl_title=\"Exposition &#8222;Pionniers et aventuriers de l&#8217;\u00e9nergie solaire&#8220; \u00a9 Jean Revillard \/ REZO.ch\" class=\"rl-gallery-link\" data-rl_caption=\"\" data-rel=\"lightbox-gallery-1\"><img loading=\"lazy\" decoding=\"async\" width=\"150\" height=\"150\" src=\"https:\/\/www.planetsolar.org\/wp-content\/uploads\/2018\/10\/2018_10_22_Pionnier_solaire_revillard_54-150x150.jpg\" class=\"attachment-thumbnail size-thumbnail\" alt=\"\" srcset=\"https:\/\/www.planetsolar.org\/wp-content\/uploads\/2018\/10\/2018_10_22_Pionnier_solaire_revillard_54-150x150.jpg 150w, https:\/\/www.planetsolar.org\/wp-content\/uploads\/2018\/10\/2018_10_22_Pionnier_solaire_revillard_54-125x125.jpg 125w\" sizes=\"auto, (max-width: 150px) 100vw, 150px\" \/><\/a>\n\t\t\t<\/div><\/figure><figure class='gallery-item'>\n\t\t\t<div class='gallery-icon landscape'>\n\t\t\t\t<a href='https:\/\/www.planetsolar.org\/wp-content\/uploads\/2018\/10\/2018_10_22_Pionnier_solaire_revillard_56-e1540739869817.jpg' title=\"Albert II de Monaco pr\u00e9face le livre &#8222;Pionniers et aventuriers de l&#8217;\u00e9nergie solaire&#8220;, co-\u00e9crit par Rapha\u00eblle Javet et Rapha\u00ebl Domjan (Editions Favre) \u00a9 Jean Revillard \/ REZO.ch\" data-rl_title=\"Albert II de Monaco pr\u00e9face le livre &#8222;Pionniers et aventuriers de l&#8217;\u00e9nergie solaire&#8220;, co-\u00e9crit par Rapha\u00eblle Javet et Rapha\u00ebl Domjan (Editions Favre) \u00a9 Jean Revillard \/ REZO.ch\" class=\"rl-gallery-link\" data-rl_caption=\"\" data-rel=\"lightbox-gallery-1\"><img loading=\"lazy\" decoding=\"async\" width=\"150\" height=\"150\" src=\"https:\/\/www.planetsolar.org\/wp-content\/uploads\/2018\/10\/2018_10_22_Pionnier_solaire_revillard_56-150x150.jpg\" class=\"attachment-thumbnail size-thumbnail\" alt=\"\" srcset=\"https:\/\/www.planetsolar.org\/wp-content\/uploads\/2018\/10\/2018_10_22_Pionnier_solaire_revillard_56-150x150.jpg 150w, https:\/\/www.planetsolar.org\/wp-content\/uploads\/2018\/10\/2018_10_22_Pionnier_solaire_revillard_56-125x125.jpg 125w\" sizes=\"auto, (max-width: 150px) 100vw, 150px\" \/><\/a>\n\t\t\t<\/div><\/figure><figure class='gallery-item'>\n\t\t\t<div class='gallery-icon landscape'>\n\t\t\t\t<a href='https:\/\/www.planetsolar.org\/wp-content\/uploads\/2018\/10\/2018_10_22_Pionnier_solaire_revillard_61-e1540740588981.jpg' title=\"Visite en avant-premi\u00e8re de l&#8217;exposition avec le Prince Albert II de Monaco \u00a9 Jean Revillard \/ REZO.ch\" data-rl_title=\"Visite en avant-premi\u00e8re de l&#8217;exposition avec le Prince Albert II de Monaco \u00a9 Jean Revillard \/ REZO.ch\" class=\"rl-gallery-link\" data-rl_caption=\"\" data-rel=\"lightbox-gallery-1\"><img loading=\"lazy\" decoding=\"async\" width=\"150\" height=\"150\" src=\"https:\/\/www.planetsolar.org\/wp-content\/uploads\/2018\/10\/2018_10_22_Pionnier_solaire_revillard_61-150x150.jpg\" class=\"attachment-thumbnail size-thumbnail\" alt=\"\" srcset=\"https:\/\/www.planetsolar.org\/wp-content\/uploads\/2018\/10\/2018_10_22_Pionnier_solaire_revillard_61-150x150.jpg 150w, https:\/\/www.planetsolar.org\/wp-content\/uploads\/2018\/10\/2018_10_22_Pionnier_solaire_revillard_61-125x125.jpg 125w\" sizes=\"auto, (max-width: 150px) 100vw, 150px\" \/><\/a>\n\t\t\t<\/div><\/figure><figure class='gallery-item'>\n\t\t\t<div class='gallery-icon landscape'>\n\t\t\t\t<a href='https:\/\/www.planetsolar.org\/wp-content\/uploads\/2018\/10\/2018_10_22_Pionnier_solaire_revillard_83-e1540740549559.jpg' title=\"Le Prince Albert II de Monaco signe le livre d&#8217;or de l&#8217;exposition \u00a9 Jean Revillard \/ REZO.ch\" data-rl_title=\"Le Prince Albert II de Monaco signe le livre d&#8217;or de l&#8217;exposition \u00a9 Jean Revillard \/ REZO.ch\" class=\"rl-gallery-link\" data-rl_caption=\"\" data-rel=\"lightbox-gallery-1\"><img loading=\"lazy\" decoding=\"async\" width=\"150\" height=\"150\" src=\"https:\/\/www.planetsolar.org\/wp-content\/uploads\/2018\/10\/2018_10_22_Pionnier_solaire_revillard_83-150x150.jpg\" class=\"attachment-thumbnail size-thumbnail\" alt=\"\" srcset=\"https:\/\/www.planetsolar.org\/wp-content\/uploads\/2018\/10\/2018_10_22_Pionnier_solaire_revillard_83-150x150.jpg 150w, https:\/\/www.planetsolar.org\/wp-content\/uploads\/2018\/10\/2018_10_22_Pionnier_solaire_revillard_83-125x125.jpg 125w\" sizes=\"auto, (max-width: 150px) 100vw, 150px\" \/><\/a>\n\t\t\t<\/div><\/figure><figure class='gallery-item'>\n\t\t\t<div class='gallery-icon landscape'>\n\t\t\t\t<a href='https:\/\/www.planetsolar.org\/wp-content\/uploads\/2018\/10\/2018_10_22_Pionnier_solaire_revillard_96-e1540740530368.jpg' title=\"Fred To re\u00e7oit le prix de l&#8217;Eco-Explorer Club de Monaco \u00a9 Jean Revillard \/ REZO.ch\" data-rl_title=\"Fred To re\u00e7oit le prix de l&#8217;Eco-Explorer Club de Monaco \u00a9 Jean Revillard \/ REZO.ch\" class=\"rl-gallery-link\" data-rl_caption=\"\" data-rel=\"lightbox-gallery-1\"><img loading=\"lazy\" decoding=\"async\" width=\"150\" height=\"150\" src=\"https:\/\/www.planetsolar.org\/wp-content\/uploads\/2018\/10\/2018_10_22_Pionnier_solaire_revillard_96-150x150.jpg\" class=\"attachment-thumbnail size-thumbnail\" alt=\"\" srcset=\"https:\/\/www.planetsolar.org\/wp-content\/uploads\/2018\/10\/2018_10_22_Pionnier_solaire_revillard_96-150x150.jpg 150w, https:\/\/www.planetsolar.org\/wp-content\/uploads\/2018\/10\/2018_10_22_Pionnier_solaire_revillard_96-125x125.jpg 125w\" sizes=\"auto, (max-width: 150px) 100vw, 150px\" \/><\/a>\n\t\t\t<\/div><\/figure><figure class='gallery-item'>\n\t\t\t<div class='gallery-icon landscape'>\n\t\t\t\t<a href='https:\/\/www.planetsolar.org\/wp-content\/uploads\/2018\/10\/2018_10_22_Pionnier_solaire_revillard_98-e1540740443718.jpg' title=\"Les pionniers de l&#8217;\u00e9nergie solaire avec le Prince Albert II de Monaco \u00a9 Jean Revillard \/ REZO.ch\" data-rl_title=\"Les pionniers de l&#8217;\u00e9nergie solaire avec le Prince Albert II de Monaco \u00a9 Jean Revillard \/ REZO.ch\" class=\"rl-gallery-link\" data-rl_caption=\"\" data-rel=\"lightbox-gallery-1\"><img loading=\"lazy\" decoding=\"async\" width=\"150\" height=\"150\" src=\"https:\/\/www.planetsolar.org\/wp-content\/uploads\/2018\/10\/2018_10_22_Pionnier_solaire_revillard_98-150x150.jpg\" class=\"attachment-thumbnail size-thumbnail\" alt=\"\" srcset=\"https:\/\/www.planetsolar.org\/wp-content\/uploads\/2018\/10\/2018_10_22_Pionnier_solaire_revillard_98-150x150.jpg 150w, https:\/\/www.planetsolar.org\/wp-content\/uploads\/2018\/10\/2018_10_22_Pionnier_solaire_revillard_98-125x125.jpg 125w\" sizes=\"auto, (max-width: 150px) 100vw, 150px\" \/><\/a>\n\t\t\t<\/div><\/figure><figure class='gallery-item'>\n\t\t\t<div class='gallery-icon landscape'>\n\t\t\t\t<a href='https:\/\/www.planetsolar.org\/wp-content\/uploads\/2018\/10\/2018_10_22_Pionnier_solaire_revillard_100-e1540740405943.jpg' title=\"Le Prince Albert II de Monaco avec l&#8217;\u00e9quipage de PlanetSolar \u00a9 Jean Revillard \/ REZO.ch\" data-rl_title=\"Le Prince Albert II de Monaco avec l&#8217;\u00e9quipage de PlanetSolar \u00a9 Jean Revillard \/ REZO.ch\" class=\"rl-gallery-link\" data-rl_caption=\"\" data-rel=\"lightbox-gallery-1\"><img loading=\"lazy\" decoding=\"async\" width=\"150\" height=\"150\" src=\"https:\/\/www.planetsolar.org\/wp-content\/uploads\/2018\/10\/2018_10_22_Pionnier_solaire_revillard_100-150x150.jpg\" class=\"attachment-thumbnail size-thumbnail\" alt=\"\" srcset=\"https:\/\/www.planetsolar.org\/wp-content\/uploads\/2018\/10\/2018_10_22_Pionnier_solaire_revillard_100-150x150.jpg 150w, https:\/\/www.planetsolar.org\/wp-content\/uploads\/2018\/10\/2018_10_22_Pionnier_solaire_revillard_100-125x125.jpg 125w\" sizes=\"auto, (max-width: 150px) 100vw, 150px\" \/><\/a>\n\t\t\t<\/div><\/figure><figure class='gallery-item'>\n\t\t\t<div class='gallery-icon landscape'>\n\t\t\t\t<a href='https:\/\/www.planetsolar.org\/wp-content\/uploads\/2018\/10\/2018_10_22_Pionnier_solaire_revillard_104-e1540740322996.jpg' title=\"Le Prince Albert II de Monaco avec Rapha\u00ebl Domjan et Janice Brown-Sullivan, pilote de l&#8217;un de premiers avions solaires de l&#8217;histoire, au d\u00e9but des ann\u00e9es 1980 \u00a9 Jean Revillard \/ REZO.ch\" data-rl_title=\"Le Prince Albert II de Monaco avec Rapha\u00ebl Domjan et Janice Brown-Sullivan, pilote de l&#8217;un de premiers avions solaires de l&#8217;histoire, au d\u00e9but des ann\u00e9es 1980 \u00a9 Jean Revillard \/ REZO.ch\" class=\"rl-gallery-link\" data-rl_caption=\"\" data-rel=\"lightbox-gallery-1\"><img loading=\"lazy\" decoding=\"async\" width=\"150\" height=\"150\" src=\"https:\/\/www.planetsolar.org\/wp-content\/uploads\/2018\/10\/2018_10_22_Pionnier_solaire_revillard_104-150x150.jpg\" class=\"attachment-thumbnail size-thumbnail\" alt=\"\" srcset=\"https:\/\/www.planetsolar.org\/wp-content\/uploads\/2018\/10\/2018_10_22_Pionnier_solaire_revillard_104-150x150.jpg 150w, https:\/\/www.planetsolar.org\/wp-content\/uploads\/2018\/10\/2018_10_22_Pionnier_solaire_revillard_104-125x125.jpg 125w\" sizes=\"auto, (max-width: 150px) 100vw, 150px\" \/><\/a>\n\t\t\t<\/div><\/figure><figure class='gallery-item'>\n\t\t\t<div class='gallery-icon landscape'>\n\t\t\t\t<a href='https:\/\/www.planetsolar.org\/wp-content\/uploads\/2018\/10\/2018_10_22_Pionnier_solaire_revillard_124-e1540740253777.jpg' title=\"Les premiers visiteurs de l&#8217;exposition \u00a9 Jean Revillard \/ REZO.ch\" data-rl_title=\"Les premiers visiteurs de l&#8217;exposition \u00a9 Jean Revillard \/ REZO.ch\" class=\"rl-gallery-link\" data-rl_caption=\"\" data-rel=\"lightbox-gallery-1\"><img loading=\"lazy\" decoding=\"async\" width=\"150\" height=\"150\" src=\"https:\/\/www.planetsolar.org\/wp-content\/uploads\/2018\/10\/2018_10_22_Pionnier_solaire_revillard_124-150x150.jpg\" class=\"attachment-thumbnail size-thumbnail\" alt=\"\" srcset=\"https:\/\/www.planetsolar.org\/wp-content\/uploads\/2018\/10\/2018_10_22_Pionnier_solaire_revillard_124-150x150.jpg 150w, https:\/\/www.planetsolar.org\/wp-content\/uploads\/2018\/10\/2018_10_22_Pionnier_solaire_revillard_124-125x125.jpg 125w\" sizes=\"auto, (max-width: 150px) 100vw, 150px\" \/><\/a>\n\t\t\t<\/div><\/figure><figure class='gallery-item'>\n\t\t\t<div class='gallery-icon landscape'>\n\t\t\t\t<a href='https:\/\/www.planetsolar.org\/wp-content\/uploads\/2018\/10\/2018_10_22_Pionnier_solaire_revillard_147.jpg' title=\"\u00a9 Jean Revillard \/ REZO.ch\" data-rl_title=\"\u00a9 Jean Revillard \/ REZO.ch\" class=\"rl-gallery-link\" data-rl_caption=\"\" data-rel=\"lightbox-gallery-1\"><img loading=\"lazy\" decoding=\"async\" width=\"150\" height=\"150\" src=\"https:\/\/www.planetsolar.org\/wp-content\/uploads\/2018\/10\/2018_10_22_Pionnier_solaire_revillard_147-150x150.jpg\" class=\"attachment-thumbnail size-thumbnail\" alt=\"\" srcset=\"https:\/\/www.planetsolar.org\/wp-content\/uploads\/2018\/10\/2018_10_22_Pionnier_solaire_revillard_147-150x150.jpg 150w, https:\/\/www.planetsolar.org\/wp-content\/uploads\/2018\/10\/2018_10_22_Pionnier_solaire_revillard_147-125x125.jpg 125w\" sizes=\"auto, (max-width: 150px) 100vw, 150px\" \/><\/a>\n\t\t\t<\/div><\/figure><figure class='gallery-item'>\n\t\t\t<div class='gallery-icon landscape'>\n\t\t\t\t<a href='https:\/\/www.planetsolar.org\/wp-content\/uploads\/2018\/10\/2018_10_22_Pionnier_solaire_revillard_150-e1540740095347.jpg' title=\"Fred To et Bertrand Piccard derri\u00e8re la maquette originale de Solar One, premier avion solaire de l&#8217;histoire (1978) \u00a9 Jean Revillard \/ REZO.ch\" data-rl_title=\"Fred To et Bertrand Piccard derri\u00e8re la maquette originale de Solar One, premier avion solaire de l&#8217;histoire (1978) \u00a9 Jean Revillard \/ REZO.ch\" class=\"rl-gallery-link\" data-rl_caption=\"\" data-rel=\"lightbox-gallery-1\"><img loading=\"lazy\" decoding=\"async\" width=\"150\" height=\"150\" src=\"https:\/\/www.planetsolar.org\/wp-content\/uploads\/2018\/10\/2018_10_22_Pionnier_solaire_revillard_150-150x150.jpg\" class=\"attachment-thumbnail size-thumbnail\" alt=\"\" srcset=\"https:\/\/www.planetsolar.org\/wp-content\/uploads\/2018\/10\/2018_10_22_Pionnier_solaire_revillard_150-150x150.jpg 150w, https:\/\/www.planetsolar.org\/wp-content\/uploads\/2018\/10\/2018_10_22_Pionnier_solaire_revillard_150-125x125.jpg 125w\" sizes=\"auto, (max-width: 150px) 100vw, 150px\" \/><\/a>\n\t\t\t<\/div><\/figure><figure class='gallery-item'>\n\t\t\t<div class='gallery-icon landscape'>\n\t\t\t\t<a href='https:\/\/www.planetsolar.org\/wp-content\/uploads\/2018\/10\/2018_10_22_Pionnier_solaire_revillard_151-e1540740031358.jpg' title=\"Fred To, l&#8217;inventeur de Solar One (1978) entour\u00e9 de Bertrand Piccard et d&#8217;Andr\u00e9 Borschberg, pilotes de Solar Impulse \u00a9 Jean Revillard \/ REZO.ch\" data-rl_title=\"Fred To, l&#8217;inventeur de Solar One (1978) entour\u00e9 de Bertrand Piccard et d&#8217;Andr\u00e9 Borschberg, pilotes de Solar Impulse \u00a9 Jean Revillard \/ REZO.ch\" class=\"rl-gallery-link\" data-rl_caption=\"\" data-rel=\"lightbox-gallery-1\"><img loading=\"lazy\" decoding=\"async\" width=\"150\" height=\"150\" src=\"https:\/\/www.planetsolar.org\/wp-content\/uploads\/2018\/10\/2018_10_22_Pionnier_solaire_revillard_151-150x150.jpg\" class=\"attachment-thumbnail size-thumbnail\" alt=\"\" srcset=\"https:\/\/www.planetsolar.org\/wp-content\/uploads\/2018\/10\/2018_10_22_Pionnier_solaire_revillard_151-150x150.jpg 150w, https:\/\/www.planetsolar.org\/wp-content\/uploads\/2018\/10\/2018_10_22_Pionnier_solaire_revillard_151-125x125.jpg 125w\" sizes=\"auto, (max-width: 150px) 100vw, 150px\" \/><\/a>\n\t\t\t<\/div><\/figure><figure class='gallery-item'>\n\t\t\t<div class='gallery-icon landscape'>\n\t\t\t\t<a href='https:\/\/www.planetsolar.org\/wp-content\/uploads\/2018\/10\/2018_10_22_Pionnier_solaire_revillard_184-e1540739985574.jpg' title=\"Les pionniers de l&#8217;\u00e9nergie solaire, r\u00e9unis pour la premi\u00e8re fois! \u00a9 Jean Revillard \/ REZO.ch\" data-rl_title=\"Les pionniers de l&#8217;\u00e9nergie solaire, r\u00e9unis pour la premi\u00e8re fois! \u00a9 Jean Revillard \/ REZO.ch\" class=\"rl-gallery-link\" data-rl_caption=\"\" data-rel=\"lightbox-gallery-1\"><img loading=\"lazy\" decoding=\"async\" width=\"150\" height=\"150\" src=\"https:\/\/www.planetsolar.org\/wp-content\/uploads\/2018\/10\/2018_10_22_Pionnier_solaire_revillard_184-150x150.jpg\" class=\"attachment-thumbnail size-thumbnail\" alt=\"\" srcset=\"https:\/\/www.planetsolar.org\/wp-content\/uploads\/2018\/10\/2018_10_22_Pionnier_solaire_revillard_184-150x150.jpg 150w, https:\/\/www.planetsolar.org\/wp-content\/uploads\/2018\/10\/2018_10_22_Pionnier_solaire_revillard_184-125x125.jpg 125w\" sizes=\"auto, (max-width: 150px) 100vw, 150px\" \/><\/a>\n\t\t\t<\/div><\/figure>\n\t\t<\/div>\n\n","protected":false},"excerpt":{"rendered":"<p>Lundi 22 octobre 2018 fut une journ\u00e9e m\u00e9morable pour la Fondation PlanetSolar. En pr\u00e9sence du Prince Albert II de Monaco, la Fondation a r\u00e9uni les pionniers et les aventuriers de l\u2019\u00e9nergie solaire venus du monde entier\u00a0: des femmes et des hommes ayant marqu\u00e9 l\u2019histoire de l\u2019\u00e9nergie solaire par leur parcours. Les grands noms de l\u2019exploration [&hellip;]<\/p>\n","protected":false},"author":3,"featured_media":0,"comment_status":"closed","ping_status":"closed","sticky":false,"template":"","format":"standard","meta":{"_acf_changed":false,"footnotes":""},"categories":[8,7],"tags":[],"class_list":["post-5026","post","type-post","status-publish","format-standard","hentry","category-news","category-fondation"],"acf":[],"_links":{"self":[{"href":"https:\/\/www.planetsolar.org\/de\/wp-json\/wp\/v2\/posts\/5026","targetHints":{"allow":["GET"]}}],"collection":[{"href":"https:\/\/www.planetsolar.org\/de\/wp-json\/wp\/v2\/posts"}],"about":[{"href":"https:\/\/www.planetsolar.org\/de\/wp-json\/wp\/v2\/types\/post"}],"author":[{"embeddable":true,"href":"https:\/\/www.planetsolar.org\/de\/wp-json\/wp\/v2\/users\/3"}],"replies":[{"embeddable":true,"href":"https:\/\/www.planetsolar.org\/de\/wp-json\/wp\/v2\/comments?post=5026"}],"version-history":[{"count":9,"href":"https:\/\/www.planetsolar.org\/de\/wp-json\/wp\/v2\/posts\/5026\/revisions"}],"predecessor-version":[{"id":5068,"href":"https:\/\/www.planetsolar.org\/de\/wp-json\/wp\/v2\/posts\/5026\/revisions\/5068"}],"wp:attachment":[{"href":"https:\/\/www.planetsolar.org\/de\/wp-json\/wp\/v2\/media?parent=5026"}],"wp:term":[{"taxonomy":"category","embeddable":true,"href":"https:\/\/www.planetsolar.org\/de\/wp-json\/wp\/v2\/categories?post=5026"},{"taxonomy":"post_tag","embeddable":true,"href":"https:\/\/www.planetsolar.org\/de\/wp-json\/wp\/v2\/tags?post=5026"}],"curies":[{"name":"wp","href":"https:\/\/api.w.org\/{rel}","templated":true}]}}