{"id":4979,"date":"2018-10-15T13:47:13","date_gmt":"2018-10-15T11:47:13","guid":{"rendered":"https:\/\/www.planetsolar.swiss\/?p=4979"},"modified":"2023-12-15T07:25:44","modified_gmt":"2023-12-15T06:25:44","slug":"j-7-pionniers-et-aventuriers-de-lenergie-solaire-une-exposition-et-un-livre-pour-reveler-le-passe-des-aventures-solaires","status":"publish","type":"post","link":"https:\/\/www.planetsolar.org\/de\/2018\/10\/15\/j-7-pionniers-et-aventuriers-de-lenergie-solaire-une-exposition-et-un-livre-pour-reveler-le-passe-des-aventures-solaires\/","title":{"rendered":"J-7 : \u00ab Pionniers et aventuriers de l\u2019\u00e9nergie solaire \u00bb : une exposition et un livre pour r\u00e9v\u00e9ler le pass\u00e9 des aventures solaires !"},"content":{"rendered":"<p>Lundi 22 octobre 2018, la Fondation PlanetSolar inaugurera \u00e0 Montreux sa grande exposition itin\u00e9rante \u00ab\u00a0Pionniers et aventuriers de l\u2019\u00e9nergie solaire\u00a0\u00bb, en pr\u00e9sence du Prince Albert II de Monaco. Un ouvrage, \u00e9dit\u00e9 aux Editions Favre et co\u00e9crit par Rapha\u00eblle Javet et Rapha\u00ebl Domjan, directrice et pr\u00e9sident de la Fondation PlanetSolar, sera \u00e9galement pr\u00e9sent\u00e9 pour la premi\u00e8re fois. Un d\u00eener de gala, avec plus de 300 convives, suivra ce vernissage dans le cadre prestigieux du Fairmont le Montreux Palace.<\/p>\n<p>La Fondation m\u00e8ne depuis 3 ans un travail de recherche et de mise en valeur des aventures r\u00e9alis\u00e9es \u00e0 l\u2019\u00e9nergie solaires. Depuis les ann\u00e9es 1960, l\u2019\u00e9nergie solaire a permis aux hommes d\u2019envisager un futur durable et respectueux de l\u2019environnement. Pour continuer \u00e0 r\u00eaver et \u00e0 explorer le monde, certains pionniers se sont \u00e9cart\u00e9s des \u00e9nergies fossiles pour trouver une autre source de mobilit\u00e9. Ing\u00e9nieux bricoleurs et chercheurs brillants, souvent entour\u00e9s d\u2019\u00e9quipes enthousiastes, ils ont permis de d\u00e9montrer le potentiel inou\u00ef de l\u2019\u00e9nergie solaire gr\u00e2ce \u00e0 leurs incroyables machines mues par le soleil. Sur terre, sur l\u2019eau ou dans les airs, l\u2019\u00e9nergie photovolta\u00efque s\u2019est ainsi d\u00e9clin\u00e9e \u00e0 travers des projets visionnaires.<\/p>\n<p>De la premi\u00e8re voiture solaire aux voitures actuelles, de Solar Craft I, premier bateau solaire de l\u2019histoire, \u00e0 PlanetSolar, gigantesque catamaran solaire ayant r\u00e9alis\u00e9 le premier tour du monde \u00e0 l\u2019\u00e9nergie solaire, du premier envol de Solar One en 1978 au tour du monde a\u00e9rien de Solar Impulse, le projet \u00ab\u00a0Pionniers et aventuriers de l\u2019\u00e9nergie solaire\u00a0\u00bb permet de se plonger \u2013 gr\u00e2ce \u00e0 une exposition et \u00e0 un livre &#8211; dans les \u00e9pisodes les plus marquants de l\u2019histoire des aventures solaires.<\/p>\n<p>&nbsp;<\/p>\n<p><strong>D\u00eener de gala de la Fondation PlanetSolar\u00a0:<\/strong><\/p>\n<ul>\n<li>lundi 22 octobre 2018, d\u00e8s 18h30, au Fairmont le Montreux Palace, Montreux. <strong>EVENEMENT COMPLET.<\/strong><\/li>\n<\/ul>\n<p><strong>Premier lieu d\u2019itin\u00e9rance de l\u2019exposition\u00a0:<\/strong><\/p>\n<ul>\n<li>du mardi 30 octobre 2018 au samedi 17 novembre 2018, \u00e0 Marin Centre (NE), selon les heures d\u2019ouverture du centre Migros.<\/li>\n<\/ul>\n<p>&nbsp;<\/p>\n<p><strong><img loading=\"lazy\" decoding=\"async\" class=\"wp-image-4982 aligncenter\" src=\"https:\/\/www.planetsolar.swiss\/wp-content\/uploads\/2018\/10\/Couv-PIONNIERS-AVENTURIERS-ENERGIE-SOLAIRE-Javet-Domjan-2018-OK-DEF-1re-HD-print-compressed-page-001-1024x944.jpg\" alt=\"\" width=\"644\" height=\"594\" srcset=\"https:\/\/www.planetsolar.org\/wp-content\/uploads\/2018\/10\/Couv-PIONNIERS-AVENTURIERS-ENERGIE-SOLAIRE-Javet-Domjan-2018-OK-DEF-1re-HD-print-compressed-page-001-1024x944.jpg 1024w, https:\/\/www.planetsolar.org\/wp-content\/uploads\/2018\/10\/Couv-PIONNIERS-AVENTURIERS-ENERGIE-SOLAIRE-Javet-Domjan-2018-OK-DEF-1re-HD-print-compressed-page-001-300x277.jpg 300w, https:\/\/www.planetsolar.org\/wp-content\/uploads\/2018\/10\/Couv-PIONNIERS-AVENTURIERS-ENERGIE-SOLAIRE-Javet-Domjan-2018-OK-DEF-1re-HD-print-compressed-page-001-768x708.jpg 768w, https:\/\/www.planetsolar.org\/wp-content\/uploads\/2018\/10\/Couv-PIONNIERS-AVENTURIERS-ENERGIE-SOLAIRE-Javet-Domjan-2018-OK-DEF-1re-HD-print-compressed-page-001.jpg 1356w\" sizes=\"auto, (max-width: 644px) 100vw, 644px\" \/><\/strong><\/p>\n","protected":false},"excerpt":{"rendered":"<p>Lundi 22 octobre 2018, la Fondation PlanetSolar inaugurera \u00e0 Montreux sa grande exposition itin\u00e9rante \u00ab\u00a0Pionniers et aventuriers de l\u2019\u00e9nergie solaire\u00a0\u00bb, en pr\u00e9sence du Prince Albert II de Monaco. Un ouvrage, \u00e9dit\u00e9 aux Editions Favre et co\u00e9crit par Rapha\u00eblle Javet et Rapha\u00ebl Domjan, directrice et pr\u00e9sident de la Fondation PlanetSolar, sera \u00e9galement pr\u00e9sent\u00e9 pour la premi\u00e8re [&hellip;]<\/p>\n","protected":false},"author":3,"featured_media":4982,"comment_status":"closed","ping_status":"closed","sticky":false,"template":"","format":"standard","meta":{"_acf_changed":false,"footnotes":""},"categories":[8,7],"tags":[],"class_list":["post-4979","post","type-post","status-publish","format-standard","has-post-thumbnail","hentry","category-news","category-fondation"],"acf":[],"_links":{"self":[{"href":"https:\/\/www.planetsolar.org\/de\/wp-json\/wp\/v2\/posts\/4979","targetHints":{"allow":["GET"]}}],"collection":[{"href":"https:\/\/www.planetsolar.org\/de\/wp-json\/wp\/v2\/posts"}],"about":[{"href":"https:\/\/www.planetsolar.org\/de\/wp-json\/wp\/v2\/types\/post"}],"author":[{"embeddable":true,"href":"https:\/\/www.planetsolar.org\/de\/wp-json\/wp\/v2\/users\/3"}],"replies":[{"embeddable":true,"href":"https:\/\/www.planetsolar.org\/de\/wp-json\/wp\/v2\/comments?post=4979"}],"version-history":[{"count":6,"href":"https:\/\/www.planetsolar.org\/de\/wp-json\/wp\/v2\/posts\/4979\/revisions"}],"predecessor-version":[{"id":4991,"href":"https:\/\/www.planetsolar.org\/de\/wp-json\/wp\/v2\/posts\/4979\/revisions\/4991"}],"wp:featuredmedia":[{"embeddable":true,"href":"https:\/\/www.planetsolar.org\/de\/wp-json\/wp\/v2\/media\/4982"}],"wp:attachment":[{"href":"https:\/\/www.planetsolar.org\/de\/wp-json\/wp\/v2\/media?parent=4979"}],"wp:term":[{"taxonomy":"category","embeddable":true,"href":"https:\/\/www.planetsolar.org\/de\/wp-json\/wp\/v2\/categories?post=4979"},{"taxonomy":"post_tag","embeddable":true,"href":"https:\/\/www.planetsolar.org\/de\/wp-json\/wp\/v2\/tags?post=4979"}],"curies":[{"name":"wp","href":"https:\/\/api.w.org\/{rel}","templated":true}]}}