{"id":3877,"date":"2017-06-27T23:06:52","date_gmt":"2017-06-27T22:06:52","guid":{"rendered":"http:\/\/www.solarplanet.ch\/?p=3877"},"modified":"2023-12-15T07:25:45","modified_gmt":"2023-12-15T06:25:45","slug":"lhistoire-des-bateaux-solaires-dans-lemission-eureka-de-canalalpha","status":"publish","type":"post","link":"https:\/\/www.planetsolar.org\/de\/2017\/06\/27\/lhistoire-des-bateaux-solaires-dans-lemission-eureka-de-canalalpha\/","title":{"rendered":"L&#8217;histoire des bateaux solaires dans l&#8217;\u00e9mission EUREKA de CanalAlpha"},"content":{"rendered":"<p>La Suisse est pionni\u00e8re dans le domaine des bateaux solaires. L&#8217;\u00e9mission EUREKA de CanalAlpha est revenue sur les traces de ces pionniers.\u00a0Un excellent reportage avec nos fondateurs Mark Wuest et Jean-Fran\u00e7ois Affolter, ainsi que notre historienne Rapha\u00eblle Javet.<\/p>\n<p>Pour voir l&#8217;\u00e9mission, cliquez\u00a0<a href=\"http:\/\/www.canalalpha.ch\/emissions\/eureka\/eureka-hissez-ho-les-panneaux-solaires\/\" target=\"_blank\" rel=\"noopener\">ICI<\/a>.<\/p>\n<p><a href=\"http:\/\/www.canalalpha.ch\/emissions\/eureka\/eureka-hissez-ho-les-panneaux-solaires\/\" target=\"_blank\" rel=\"noopener\"><img loading=\"lazy\" decoding=\"async\" class=\"alignnone wp-image-4034 size-large\" src=\"https:\/\/www.planetsolar.swiss\/wp-content\/uploads\/2017\/06\/solarplanet-raphaelle-1024x576.jpg\" alt=\"\" width=\"1024\" height=\"576\" srcset=\"https:\/\/www.planetsolar.org\/wp-content\/uploads\/2017\/06\/solarplanet-raphaelle-1024x576.jpg 1024w, https:\/\/www.planetsolar.org\/wp-content\/uploads\/2017\/06\/solarplanet-raphaelle-300x169.jpg 300w, https:\/\/www.planetsolar.org\/wp-content\/uploads\/2017\/06\/solarplanet-raphaelle-768x432.jpg 768w, https:\/\/www.planetsolar.org\/wp-content\/uploads\/2017\/06\/solarplanet-raphaelle.jpg 1280w\" sizes=\"auto, (max-width: 1024px) 100vw, 1024px\" \/><\/a><\/p>\n<p>&nbsp;<\/p>\n","protected":false},"excerpt":{"rendered":"<p>La Suisse est pionni\u00e8re dans le domaine des bateaux solaires. L&#8217;\u00e9mission EUREKA de CanalAlpha est revenue sur les traces de ces pionniers.\u00a0Un excellent reportage avec nos fondateurs Mark Wuest et Jean-Fran\u00e7ois Affolter, ainsi que notre historienne Rapha\u00eblle Javet. Pour voir l&#8217;\u00e9mission, cliquez\u00a0ICI. &nbsp;<\/p>\n","protected":false},"author":1,"featured_media":3878,"comment_status":"closed","ping_status":"closed","sticky":false,"template":"","format":"standard","meta":{"_acf_changed":false,"footnotes":""},"categories":[8,7],"tags":[],"class_list":["post-3877","post","type-post","status-publish","format-standard","has-post-thumbnail","hentry","category-news","category-fondation"],"acf":[],"_links":{"self":[{"href":"https:\/\/www.planetsolar.org\/de\/wp-json\/wp\/v2\/posts\/3877","targetHints":{"allow":["GET"]}}],"collection":[{"href":"https:\/\/www.planetsolar.org\/de\/wp-json\/wp\/v2\/posts"}],"about":[{"href":"https:\/\/www.planetsolar.org\/de\/wp-json\/wp\/v2\/types\/post"}],"author":[{"embeddable":true,"href":"https:\/\/www.planetsolar.org\/de\/wp-json\/wp\/v2\/users\/1"}],"replies":[{"embeddable":true,"href":"https:\/\/www.planetsolar.org\/de\/wp-json\/wp\/v2\/comments?post=3877"}],"version-history":[{"count":3,"href":"https:\/\/www.planetsolar.org\/de\/wp-json\/wp\/v2\/posts\/3877\/revisions"}],"predecessor-version":[{"id":4036,"href":"https:\/\/www.planetsolar.org\/de\/wp-json\/wp\/v2\/posts\/3877\/revisions\/4036"}],"wp:featuredmedia":[{"embeddable":true,"href":"https:\/\/www.planetsolar.org\/de\/wp-json\/"}],"wp:attachment":[{"href":"https:\/\/www.planetsolar.org\/de\/wp-json\/wp\/v2\/media?parent=3877"}],"wp:term":[{"taxonomy":"category","embeddable":true,"href":"https:\/\/www.planetsolar.org\/de\/wp-json\/wp\/v2\/categories?post=3877"},{"taxonomy":"post_tag","embeddable":true,"href":"https:\/\/www.planetsolar.org\/de\/wp-json\/wp\/v2\/tags?post=3877"}],"curies":[{"name":"wp","href":"https:\/\/api.w.org\/{rel}","templated":true}]}}