{"id":3737,"date":"2015-12-01T10:39:41","date_gmt":"2015-12-01T09:39:41","guid":{"rendered":"http:\/\/www.solarplanet.ch\/?p=3737"},"modified":"2023-12-15T07:25:45","modified_gmt":"2023-12-15T06:25:45","slug":"solarplanet-et-solarstratos-a-la-cop21","status":"publish","type":"post","link":"https:\/\/www.planetsolar.org\/de\/2015\/12\/01\/solarplanet-et-solarstratos-a-la-cop21\/","title":{"rendered":"SolarPlanet et SolarStratos \u00e0 la COP21"},"content":{"rendered":"<p>La Conf\u00e9rence de Paris sur les changements climatiques COP21 ouvre ses portes dans quelques jours.<\/p>\n<p>La Fondation SolarPlanet et la mission SolarStratos participeront \u00e0 cet \u00e9v\u00e9nement plan\u00e9taire, qui, esp\u00e9rons-le, permettra d\u2019aboutir \u00e0 un trait\u00e9 favorable \u00e0 notre environnement.<\/p>\n<p>Pour soutenir cette d\u00e9marche et nos projets, nous serons pr\u00e9sents \u00e0 l\u2019exposition Solutions COP21 au Grand-Palais, \u00e0 Paris. Le kayak solaire sera visible sur le stand de la Suisse et de Monaco. Nous vous invitons \u00e0 nous y rencontrer samedi 5 d\u00e9cembre entre 10h00 et 12h00.<\/p>\n<p>Le simulateur du plus grand bateau solaire au monde ainsi que plusieurs films sur nos diff\u00e9rentes aventures, dont SolarStratos, seront visibles dans l\u2019eco-truck qui se d\u00e9placera entre le Bourget et le Grand-Palais (<a href=\"http:\/\/www.solutionscop21.org\/fr\/\" target=\"_blank\" rel=\"noopener\">plus d\u2019informations ici<\/a>).<\/p>\n<p><strong>Programme :<\/strong><\/p>\n<ul>\n<li>Du 4 au 10 d\u00e9cembre, de 10h00 \u00e0 18h00\u2013 Exposition Solutions COP21 \u2013 Grand-Palais, Paris<\/li>\n<li>Samedi 5 d\u00e9cembre, de 10h00 \u00e0 12h00 \u2013 Rencontre avec les \u00e9quipes de SolarPlanet et de SolarStratos<\/li>\n<li>Samedi 5 d\u00e9cembre, \u00e0 16h00 \u2013 Conf\u00e9rence de Rapha\u00ebl Domjan au Th\u00e9atre-S\u00e9nart, \u00e0 Lieusaint-S\u00e9nart<\/li>\n<li>Lundi 7 d\u00e9cembre, \u00e0 20h00 \u2013 Conf\u00e9rence de Rapha\u00ebl Domjan \u00e0 la Fondation Suisse \/ Pavillon Le Corbusier, \u00e0 Paris<\/li>\n<li>Du vendredi 11 au dimanche 13 d\u00e9cembre, kayak solaire visible sur le stand Nautiraid au salon nautique de Paris<\/li>\n<\/ul>\n<p>&nbsp;<\/p>\n","protected":false},"excerpt":{"rendered":"<p>La Conf\u00e9rence de Paris sur les changements climatiques COP21 ouvre ses portes dans quelques jours. La Fondation SolarPlanet et la mission SolarStratos participeront \u00e0 cet \u00e9v\u00e9nement plan\u00e9taire, qui, esp\u00e9rons-le, permettra d\u2019aboutir \u00e0 un trait\u00e9 favorable \u00e0 notre environnement. Pour soutenir cette d\u00e9marche et nos projets, nous serons pr\u00e9sents \u00e0 l\u2019exposition Solutions COP21 au Grand-Palais, \u00e0 [&hellip;]<\/p>\n","protected":false},"author":1,"featured_media":4485,"comment_status":"closed","ping_status":"closed","sticky":false,"template":"","format":"standard","meta":{"_acf_changed":false,"footnotes":""},"categories":[8,7],"tags":[],"class_list":["post-3737","post","type-post","status-publish","format-standard","has-post-thumbnail","hentry","category-news","category-fondation"],"acf":[],"_links":{"self":[{"href":"https:\/\/www.planetsolar.org\/de\/wp-json\/wp\/v2\/posts\/3737","targetHints":{"allow":["GET"]}}],"collection":[{"href":"https:\/\/www.planetsolar.org\/de\/wp-json\/wp\/v2\/posts"}],"about":[{"href":"https:\/\/www.planetsolar.org\/de\/wp-json\/wp\/v2\/types\/post"}],"author":[{"embeddable":true,"href":"https:\/\/www.planetsolar.org\/de\/wp-json\/wp\/v2\/users\/1"}],"replies":[{"embeddable":true,"href":"https:\/\/www.planetsolar.org\/de\/wp-json\/wp\/v2\/comments?post=3737"}],"version-history":[{"count":1,"href":"https:\/\/www.planetsolar.org\/de\/wp-json\/wp\/v2\/posts\/3737\/revisions"}],"predecessor-version":[{"id":4486,"href":"https:\/\/www.planetsolar.org\/de\/wp-json\/wp\/v2\/posts\/3737\/revisions\/4486"}],"wp:featuredmedia":[{"embeddable":true,"href":"https:\/\/www.planetsolar.org\/de\/wp-json\/wp\/v2\/media\/4485"}],"wp:attachment":[{"href":"https:\/\/www.planetsolar.org\/de\/wp-json\/wp\/v2\/media?parent=3737"}],"wp:term":[{"taxonomy":"category","embeddable":true,"href":"https:\/\/www.planetsolar.org\/de\/wp-json\/wp\/v2\/categories?post=3737"},{"taxonomy":"post_tag","embeddable":true,"href":"https:\/\/www.planetsolar.org\/de\/wp-json\/wp\/v2\/tags?post=3737"}],"curies":[{"name":"wp","href":"https:\/\/api.w.org\/{rel}","templated":true}]}}